[{"@context":"https:\/\/schema.org\/","@type":"Article","@id":"https:\/\/www.kahak.cz\/oblibena-skola\/#Article","mainEntityOfPage":"https:\/\/www.kahak.cz\/oblibena-skola\/","headline":"Obl\u00edben\u00e1 \u0161kola","name":"Obl\u00edben\u00e1 \u0161kola","description":"Vzd\u011bl\u00e1n\u00ed je pro n\u011bkoho velice d\u016fle\u017eit\u00e9, ale pro n\u011bkoho vzd\u011bl\u00e1n\u00ed je zase \u00fapln\u011b zbyte\u010dn\u00e9. Abych &hellip; ","datePublished":"2022-11-09","dateModified":"2023-06-12","author":{"@type":"Person","@id":"https:\/\/www.kahak.cz\/author\/devene\/#Person","name":"devene","url":"https:\/\/www.kahak.cz\/author\/devene\/","identifier":1,"image":{"@type":"ImageObject","@id":"https:\/\/secure.gravatar.com\/avatar\/e4532b7f65738965bbad8697e5bd54c0628af7bffe8d3c856885c44d86978cee?s=96&d=mm&r=g","url":"https:\/\/secure.gravatar.com\/avatar\/e4532b7f65738965bbad8697e5bd54c0628af7bffe8d3c856885c44d86978cee?s=96&d=mm&r=g","height":96,"width":96}},"publisher":{"@type":"Organization","name":"kahak.cz","logo":{"@type":"ImageObject","@id":"\/logo.png","url":"\/logo.png","width":600,"height":60}},"image":{"@type":"ImageObject","@id":"https:\/\/www.kahak.cz\/wp-content\/uploads\/books-1841116_1280.jpg","url":"https:\/\/www.kahak.cz\/wp-content\/uploads\/books-1841116_1280.jpg","height":0,"width":0},"url":"https:\/\/www.kahak.cz\/oblibena-skola\/","about":["Vzd\u011bl\u00e1n\u00ed"],"wordCount":431,"articleBody":"Vzd\u011bl\u00e1n\u00ed je pro n\u011bkoho velice d\u016fle\u017eit\u00e9, ale pro n\u011bkoho vzd\u011bl\u00e1n\u00ed je zase \u00fapln\u011b zbyte\u010dn\u00e9. Abych pravdu \u0159ekla, tak m\u011b \u0161kola opravdu hodn\u011b bavila. A kdy\u017e u\u017e jsem byla asi v p\u00e1t\u00e9 nebo v \u0161est\u00e9 t\u0159\u00edd\u011b, tak jsem si uv\u011bdomila, \u017ee vlastn\u011b vzd\u011bl\u00e1n\u00ed je pro n\u011bkoho opravdu hodn\u011b d\u016fle\u017eit\u00e9. A bav\u00ed ho to. Tohle p\u0159esn\u011b jsem si \u0159ekla a st\u00e1la jsem si zas t\u00edm. A nev\u00edm, jak se to stalo, ale postupem \u010dasu jsem si za\u010d\u00ednala uv\u011bdomovat, \u017ee vzd\u011bl\u00e1n\u00ed a \u0161kola je opravdu hodn\u011b d\u016fle\u017eit\u00e1. Opravdu nev\u00edm, co bych d\u011blala, kdyby mi t\u0159eba nebylo v\u016fbec umo\u017en\u011bno studovat. Sly\u0161ela jsem toti\u017e tak\u00e9 r\u016fzn\u00e9 p\u0159\u00edpady, kdy t\u0159eba d\u011bti cht\u011bly st\u00e1le studovat, ale v\u016fbec nemohly.A to hlavn\u011b z toho d\u016fvodu, \u017ee na to nebyly v\u016fbec pen\u00edze. A j\u00e1, abych pravdu \u0159ekla, tak jsem z toho byla velice ne\u0161\u0165astn\u00e1 a tak\u00e9 nerv\u00f3zn\u00ed a na v\u00e1\u017ek\u00e1ch, kdyby mi t\u0159eba moji rodi\u010de potom \u0159ekli, \u017ee nemohu j\u00edt studovat, proto\u017ee na to nemaj\u00ed pen\u00edze. Ani nev\u00edte, jak moc m\u011b to tr\u00e1pilo. Tak\u017ee m\u011b nic opravdu nic jin\u00e9ho nezbylo, ne\u017e j\u00edt za sv\u00fdmi rodi\u010di a zeptat se jich. A rodi\u010de z toho byl opravdu p\u0159ekvapen\u00ed, kdy\u017e se m\u011b zeptali, jak se na tohle p\u0159i\u0161la, \u017ee by nem\u011bli pen\u00edze na moje vzd\u011bl\u00e1n\u00ed. A j\u00e1 jsem jim \u0159ekla, \u017ee jsem tohle sly\u0161ela u\u017e ve \u0161kole. A byla jsem ale opravdu hodn\u011b p\u0159ekvapen\u00e1, kdy\u017e mi rodi\u010de \u0159ekli, \u017ee tohle jejich p\u0159\u00edpad nen\u00ed. A sice pr\u00fd nejsme v\u016fbec bohat\u00ed, ale pr\u00fd na vzd\u011bl\u00e1n\u00ed pen\u00edze v\u017edycky jsou a budou. Tak\u017ee m\u011b to velice uklidnilo a pot\u011b\u0161ilo.\u00a0 A rodi\u010de jsem pot\u011b\u0161ila opravdu hodn\u011b. A tak jsem si \u0159ekla, \u017ee si vezmu n\u011bjak\u00e9 kurzy matematiky angli\u010dtiny nav\u00edc, kde m\u00e1m nejv\u011bt\u0161\u00ed mezery. Tak\u017ee m\u011b to pot\u011b\u0161ilo dvojn\u00e1sob, proto\u017ee rodi\u010de alespo\u0148 takhle Vid\u011bli, \u017ee m\u00e1m o vzd\u011bl\u00e1n\u00ed a o \u0161kolu opravdu velik\u00fd z\u00e1jem. Nakonec to dopadlo tak, \u017ee jsem si ud\u011blala zdravotn\u00ed \u0161kolu a potom je\u0161t\u011b vysokou \u0161kolu ekonomickou, kam jsem se v\u017edycky t\u011b\u0161ila, proto\u017ee v\u017edycky jsem cht\u011bla m\u00edt vysokou \u0161kolu ekonomickou.                                                                                                                                                                                                                                                                                                                                                                                        4\/5 - (9 votes)        "},{"@context":"https:\/\/schema.org\/","@type":"BreadcrumbList","itemListElement":[{"@type":"ListItem","position":1,"name":"Obl\u00edben\u00e1 \u0161kola","item":"https:\/\/www.kahak.cz\/oblibena-skola\/#breadcrumbitem"}]}]