[{"@context":"https:\/\/schema.org\/","@type":"Article","@id":"https:\/\/www.kahak.cz\/zachyceni-svatby-na-pamatku\/#Article","mainEntityOfPage":"https:\/\/www.kahak.cz\/zachyceni-svatby-na-pamatku\/","headline":"Zachycen\u00ed svatby na pam\u00e1tku","name":"Zachycen\u00ed svatby na pam\u00e1tku","description":"Svatba pat\u0159\u00ed mezi njrkr\u00e1sn\u011b\u0161\u00ed momenty na\u0161eho \u017eivota. Bereme si n\u011bkoho, s k\u00fdm je n\u00e1m kr\u00e1sn\u011b &hellip; ","datePublished":"2023-05-27","dateModified":"2023-11-25","author":{"@type":"Person","@id":"https:\/\/www.kahak.cz\/author\/devene\/#Person","name":"devene","url":"https:\/\/www.kahak.cz\/author\/devene\/","identifier":1,"image":{"@type":"ImageObject","@id":"https:\/\/secure.gravatar.com\/avatar\/e4532b7f65738965bbad8697e5bd54c0628af7bffe8d3c856885c44d86978cee?s=96&d=mm&r=g","url":"https:\/\/secure.gravatar.com\/avatar\/e4532b7f65738965bbad8697e5bd54c0628af7bffe8d3c856885c44d86978cee?s=96&d=mm&r=g","height":96,"width":96}},"publisher":{"@type":"Organization","name":"kahak.cz","logo":{"@type":"ImageObject","@id":"\/logo.png","url":"\/logo.png","width":600,"height":60}},"image":{"@type":"ImageObject","@id":"https:\/\/www.kahak.cz\/wp-content\/uploads\/pexels-polinach-13235310_1.jpg","url":"https:\/\/www.kahak.cz\/wp-content\/uploads\/pexels-polinach-13235310_1.jpg","height":0,"width":0},"url":"https:\/\/www.kahak.cz\/zachyceni-svatby-na-pamatku\/","about":["Slu\u017eby"],"wordCount":418,"articleBody":"       Svatba pat\u0159\u00ed mezi njrkr\u00e1sn\u011b\u0161\u00ed momenty na\u0161eho \u017eivota. Bereme si n\u011bkoho, s k\u00fdm je n\u00e1m kr\u00e1sn\u011b a douf\u00e1me, \u017ee n\u00e1m spolu kr\u00e1sn\u011b bude i dal\u0161\u00ed des\u00edtky let. V sou\u010dasn\u00e9 dob\u011b sice neust\u00e1le po\u010det nov\u011b uzav\u00edran\u00fdch s\u0148atk\u016f kles\u00e1, ale i tak se najde mnoho mlad\u00fdch p\u00e1r\u016f, kter\u00e9 se vz\u00edt cht\u011bj\u00ed. Mlad\u00ed lid\u00e9 v\u011bt\u0161inou cht\u011bj\u00ed modern\u00ed v\u011bci, a u svatby to nen\u00ed jinak. Hlavn\u011b nev\u011bsty tou\u017e\u00ed po modern\u00ed svatb\u011b, kde nebude chyb\u011bt nic z toho, co zrovna fr\u010d\u00ed, a co m\u011bly na svatb\u00e1ch t\u0159eba jejich kamar\u00e1dky. V\u0161ichni m\u00e1me internet, a ten je pln\u00fd inspirace. D\u00edky tomu hned nev\u011bsty p\u0159esn\u011b v\u00ed, co si na svatbu cht\u011bj\u00ed objednat.To jak bude svatba dlouho trvat v\u011bt\u0161inou z\u00e1vis\u00ed na tom jak je svatba velk\u00e1. Men\u0161\u00ed svatba o p\u00e1r lidech v\u011bt\u0161inou skon\u010d\u00ed po p\u00e1r hodin\u00e1ch od ob\u0159adu, ale v\u011bt\u0161\u00ed svatby o n\u011bkolika des\u00edtk\u00e1ch lid\u00ed trvaj\u00ed a\u017e do noci. Na d\u00e9lku z\u00e1bavy m\u00e1 vliv i v\u011bkov\u00e9 slo\u017een\u00ed host\u016f, tak\u017ee pokud m\u00e1te mezi hosty v\u011bt\u0161inu mlad\u00fdch lid\u00ed, d\u00e1 se p\u0159edpokl\u00e1dat, \u017ee oslavy budou prob\u00edhat a\u017e do no\u010dn\u00edch hodin. Ka\u017ed\u00fd p\u00e1r m\u00e1 svatbu jinou, ale v\u011bt\u0161inou prob\u00edhaj\u00ed svatby podle spole\u010dn\u00e9ho sc\u00e9n\u00e1\u0159e &#8211; p\u0159\u00edjezd, ob\u0159ad, ob\u011bd, z\u00e1bava, kr\u00e1jen\u00ed dortu, dal\u0161\u00ed z\u00e1bava a samoz\u0159ejm\u011b focen\u00ed. Tan\u010d\u00ed se a\u017e do pozdn\u00edch hodin a toto v\u0161echno je mo\u017en\u00e9 zachytit na fotografie.Hled\u00e1te jak\u00fd svatebn\u00ed fotograf Olomouc bude nejvhodn\u011bj\u0161\u00edm kandid\u00e1tem na va\u0161i svatbu? Prohl\u00e9dn\u011bte si fotografie od va\u0161ich zn\u00e1m\u00fdch, pojd\u011bte si nafocen\u00e9 svatby od jednotliv\u00fdch fotograf\u016f na jejich soci\u00e1ln\u00edch s\u00edt\u00edch, a rozhodn\u011bte se. Jestli m\u00e1te p\u0159edstavu o stylu svatebn\u00edch fotek, hledejte fotografa, kter\u00fd v\u00e1s takto dok\u00e1\u017ee zv\u011b\u010dnit. Co fotograf to jin\u00fd fotoapar\u00e1t a jin\u00fd styl focen\u00ed. Je pot\u0159eba naj\u00edt takov\u00e9ho fotografa, kter\u00fd si hrav\u011b porad\u00ed s kompozici i jednotliv\u00fdmi detaily. V\u00fdsledn\u00e9 fotografie budou va\u0161\u00ed vzpom\u00ednkou na cel\u00fd \u017eivot a tak je dobr\u00e9 v\u00fdb\u011br fotografa nepodcenit a vybrat toho nejlep\u0161\u00edho, kter\u00fd bude m\u00edt v dan\u00fd term\u00edn volno.                                                                                                                                                                                                                                                                                                                                                                                          4.3\/5 - (7 votes)        "},{"@context":"https:\/\/schema.org\/","@type":"BreadcrumbList","itemListElement":[{"@type":"ListItem","position":1,"name":"Zachycen\u00ed svatby na pam\u00e1tku","item":"https:\/\/www.kahak.cz\/zachyceni-svatby-na-pamatku\/#breadcrumbitem"}]}]